{"id":3395,"date":"2024-10-10T10:13:07","date_gmt":"2024-10-10T10:13:07","guid":{"rendered":"https:\/\/leadergastrikebygden.se\/?p=3395"},"modified":"2024-10-10T10:13:07","modified_gmt":"2024-10-10T10:13:07","slug":"foreningstraff-i-gavle","status":"publish","type":"post","link":"https:\/\/leadergastrikebygden.se\/en\/foreningstraff-i-gavle\/","title":{"rendered":"Association meeting in G\u00e4vle"},"content":{"rendered":"<p><strong>Welcome to info and conversation about and the opportunity to drive development projects!<\/strong><\/p>\n<p>G\u00e4vle kommun bjuder tillsammans med Leader G\u00e4strikebygden in privatpersoner, f\u00f6reningar och f\u00f6retag till ett samtal om m\u00f6jligheten att driva utvecklingsprojekt. Har du en id\u00e9 som g\u00f6r din landsbygd till en \u00e4nnu b\u00e4ttre plats att leva och bo p\u00e5? Kom och dela med dig av tankarna och bolla dina id\u00e9er med andra. Leader G\u00e4strikebygden b\u00e5de coachar och finansierar projekt p\u00e5 landsbygden.<\/p>\n<p><strong>Tisdag 15 oktober kl 18.00 &#8211; 19.30<\/strong> i R\u00e5dhussalen, R\u00e5dhuset i G\u00e4vle. V\u00e4lkommen att bolla projektid\u00e9er och h\u00f6ra mer om att s\u00f6ka projektst\u00f6d hos Leader.<\/p>\n<p>Anm\u00e4lan via e-post till: <a href=\"mailto:konstochkultur@gavle.se\">konstochkultur@gavle.se<\/a><\/p>","protected":false},"excerpt":{"rendered":"<p>Welcome to an info meeting and discussion about driving development projects in G\u00e4vle! Tuesday, October 15 at 6 PM. The activity is conducted in collaboration with G\u00e4vle municipality.<\/p>","protected":false},"author":30,"featured_media":3396,"comment_status":"closed","ping_status":"closed","sticky":false,"template":"","format":"standard","meta":{"_acf_changed":false,"_et_pb_use_builder":"","_et_pb_old_content":"","_et_gb_content_width":"","footnotes":"","_links_to":"","_links_to_target":""},"categories":[1],"tags":[],"class_list":["post-3395","post","type-post","status-publish","format-standard","has-post-thumbnail","hentry","category-nyheter"],"acf":[],"yoast_head":"<!-- This site is optimized with the Yoast SEO plugin v28.2 - https:\/\/yoast.com\/product\/yoast-seo-wordpress\/ -->\n<title>F\u00f6reningstr\u00e4ff i G\u00e4vle - Leader G\u00e4strikebygden<\/title>\n<meta name=\"description\" content=\"V\u00e4lkommen till infotr\u00e4ff och samtal om att driva utvecklingsprojekt i G\u00e4vle! Tissdag 15 oktober kl 18\" \/>\n<meta name=\"robots\" content=\"index, follow, max-snippet:-1, max-image-preview:large, max-video-preview:-1\" \/>\n<link rel=\"canonical\" href=\"https:\/\/leadergastrikebygden.se\/en\/foreningstraff-i-gavle\/\" \/>\n<meta property=\"og:locale\" content=\"en_US\" \/>\n<meta property=\"og:type\" content=\"article\" \/>\n<meta property=\"og:title\" content=\"F\u00f6reningstr\u00e4ff i G\u00e4vle - Leader G\u00e4strikebygden\" \/>\n<meta property=\"og:description\" content=\"V\u00e4lkommen till infotr\u00e4ff och samtal om att driva utvecklingsprojekt i G\u00e4vle! Tissdag 15 oktober kl 18\" \/>\n<meta property=\"og:url\" content=\"https:\/\/leadergastrikebygden.se\/en\/foreningstraff-i-gavle\/\" \/>\n<meta property=\"og:site_name\" content=\"Leader G\u00e4strikebygden\" \/>\n<meta property=\"article:published_time\" content=\"2024-10-10T10:13:07+00:00\" \/>\n<meta property=\"og:image\" content=\"https:\/\/leadergastrikebygden.se\/wp-content\/uploads\/sites\/35\/2024\/10\/Foreningstraff-Gavle-kommun-15-okt-2024.png\" \/>\n\t<meta property=\"og:image:width\" content=\"940\" \/>\n\t<meta property=\"og:image:height\" content=\"788\" \/>\n\t<meta property=\"og:image:type\" content=\"image\/png\" \/>\n<meta name=\"author\" content=\"helene\" \/>\n<meta name=\"twitter:card\" content=\"summary_large_image\" \/>\n<meta name=\"twitter:label1\" content=\"Written by\" \/>\n\t<meta name=\"twitter:data1\" content=\"helene\" \/>\n\t<meta name=\"twitter:label2\" content=\"Est. reading time\" \/>\n\t<meta name=\"twitter:data2\" content=\"1 minute\" \/>\n<script type=\"application\/ld+json\" class=\"yoast-schema-graph\">{\"@context\":\"https:\\\/\\\/schema.org\",\"@graph\":[{\"@type\":\"Article\",\"@id\":\"https:\\\/\\\/leadergastrikebygden.se\\\/foreningstraff-i-gavle\\\/#article\",\"isPartOf\":{\"@id\":\"https:\\\/\\\/leadergastrikebygden.se\\\/foreningstraff-i-gavle\\\/\"},\"author\":{\"name\":\"helene\",\"@id\":\"https:\\\/\\\/leadergastrikebygden.se\\\/#\\\/schema\\\/person\\\/fc2ec6e9b79af27f413783d8a2ef0b78\"},\"headline\":\"F\u00f6reningstr\u00e4ff i G\u00e4vle\",\"datePublished\":\"2024-10-10T10:13:07+00:00\",\"mainEntityOfPage\":{\"@id\":\"https:\\\/\\\/leadergastrikebygden.se\\\/foreningstraff-i-gavle\\\/\"},\"wordCount\":127,\"image\":{\"@id\":\"https:\\\/\\\/leadergastrikebygden.se\\\/foreningstraff-i-gavle\\\/#primaryimage\"},\"thumbnailUrl\":\"https:\\\/\\\/leadergastrikebygden.se\\\/wp-content\\\/uploads\\\/sites\\\/35\\\/2024\\\/10\\\/Foreningstraff-Gavle-kommun-15-okt-2024.png\",\"articleSection\":[\"Nyheter\"],\"inLanguage\":\"en-US\"},{\"@type\":\"WebPage\",\"@id\":\"https:\\\/\\\/leadergastrikebygden.se\\\/foreningstraff-i-gavle\\\/\",\"url\":\"https:\\\/\\\/leadergastrikebygden.se\\\/foreningstraff-i-gavle\\\/\",\"name\":\"F\u00f6reningstr\u00e4ff i G\u00e4vle - Leader G\u00e4strikebygden\",\"isPartOf\":{\"@id\":\"https:\\\/\\\/leadergastrikebygden.se\\\/#website\"},\"primaryImageOfPage\":{\"@id\":\"https:\\\/\\\/leadergastrikebygden.se\\\/foreningstraff-i-gavle\\\/#primaryimage\"},\"image\":{\"@id\":\"https:\\\/\\\/leadergastrikebygden.se\\\/foreningstraff-i-gavle\\\/#primaryimage\"},\"thumbnailUrl\":\"https:\\\/\\\/leadergastrikebygden.se\\\/wp-content\\\/uploads\\\/sites\\\/35\\\/2024\\\/10\\\/Foreningstraff-Gavle-kommun-15-okt-2024.png\",\"datePublished\":\"2024-10-10T10:13:07+00:00\",\"author\":{\"@id\":\"https:\\\/\\\/leadergastrikebygden.se\\\/#\\\/schema\\\/person\\\/fc2ec6e9b79af27f413783d8a2ef0b78\"},\"description\":\"V\u00e4lkommen till infotr\u00e4ff och samtal om att driva utvecklingsprojekt i G\u00e4vle! Tissdag 15 oktober kl 18\",\"breadcrumb\":{\"@id\":\"https:\\\/\\\/leadergastrikebygden.se\\\/foreningstraff-i-gavle\\\/#breadcrumb\"},\"inLanguage\":\"en-US\",\"potentialAction\":[{\"@type\":\"ReadAction\",\"target\":[\"https:\\\/\\\/leadergastrikebygden.se\\\/foreningstraff-i-gavle\\\/\"]}]},{\"@type\":\"ImageObject\",\"inLanguage\":\"en-US\",\"@id\":\"https:\\\/\\\/leadergastrikebygden.se\\\/foreningstraff-i-gavle\\\/#primaryimage\",\"url\":\"https:\\\/\\\/leadergastrikebygden.se\\\/wp-content\\\/uploads\\\/sites\\\/35\\\/2024\\\/10\\\/Foreningstraff-Gavle-kommun-15-okt-2024.png\",\"contentUrl\":\"https:\\\/\\\/leadergastrikebygden.se\\\/wp-content\\\/uploads\\\/sites\\\/35\\\/2024\\\/10\\\/Foreningstraff-Gavle-kommun-15-okt-2024.png\",\"width\":940,\"height\":788},{\"@type\":\"BreadcrumbList\",\"@id\":\"https:\\\/\\\/leadergastrikebygden.se\\\/foreningstraff-i-gavle\\\/#breadcrumb\",\"itemListElement\":[{\"@type\":\"ListItem\",\"position\":1,\"name\":\"Hem\",\"item\":\"https:\\\/\\\/leadergastrikebygden.se\\\/\"},{\"@type\":\"ListItem\",\"position\":2,\"name\":\"F\u00f6reningstr\u00e4ff i G\u00e4vle\"}]},{\"@type\":\"WebSite\",\"@id\":\"https:\\\/\\\/leadergastrikebygden.se\\\/#website\",\"url\":\"https:\\\/\\\/leadergastrikebygden.se\\\/\",\"name\":\"Leader G\u00e4strikebygden\",\"description\":\"\",\"potentialAction\":[{\"@type\":\"SearchAction\",\"target\":{\"@type\":\"EntryPoint\",\"urlTemplate\":\"https:\\\/\\\/leadergastrikebygden.se\\\/?s={search_term_string}\"},\"query-input\":{\"@type\":\"PropertyValueSpecification\",\"valueRequired\":true,\"valueName\":\"search_term_string\"}}],\"inLanguage\":\"en-US\"},{\"@type\":\"Person\",\"@id\":\"https:\\\/\\\/leadergastrikebygden.se\\\/#\\\/schema\\\/person\\\/fc2ec6e9b79af27f413783d8a2ef0b78\",\"name\":\"helene\",\"image\":{\"@type\":\"ImageObject\",\"inLanguage\":\"en-US\",\"@id\":\"https:\\\/\\\/secure.gravatar.com\\\/avatar\\\/15c91bee274e4611e47800be717a2bc66c389d7d2e6c9e01f82b4bbe8df96b34?s=96&d=mm&r=g\",\"url\":\"https:\\\/\\\/secure.gravatar.com\\\/avatar\\\/15c91bee274e4611e47800be717a2bc66c389d7d2e6c9e01f82b4bbe8df96b34?s=96&d=mm&r=g\",\"contentUrl\":\"https:\\\/\\\/secure.gravatar.com\\\/avatar\\\/15c91bee274e4611e47800be717a2bc66c389d7d2e6c9e01f82b4bbe8df96b34?s=96&d=mm&r=g\",\"caption\":\"helene\"}}]}<\/script>\n<!-- \/ Yoast SEO plugin. -->","yoast_head_json":{"title":"F\u00f6reningstr\u00e4ff i G\u00e4vle - Leader G\u00e4strikebygden","description":"V\u00e4lkommen till infotr\u00e4ff och samtal om att driva utvecklingsprojekt i G\u00e4vle! Tissdag 15 oktober kl 18","robots":{"index":"index","follow":"follow","max-snippet":"max-snippet:-1","max-image-preview":"max-image-preview:large","max-video-preview":"max-video-preview:-1"},"canonical":"https:\/\/leadergastrikebygden.se\/en\/foreningstraff-i-gavle\/","og_locale":"en_US","og_type":"article","og_title":"F\u00f6reningstr\u00e4ff i G\u00e4vle - Leader G\u00e4strikebygden","og_description":"V\u00e4lkommen till infotr\u00e4ff och samtal om att driva utvecklingsprojekt i G\u00e4vle! Tissdag 15 oktober kl 18","og_url":"https:\/\/leadergastrikebygden.se\/en\/foreningstraff-i-gavle\/","og_site_name":"Leader G\u00e4strikebygden","article_published_time":"2024-10-10T10:13:07+00:00","og_image":[{"width":940,"height":788,"url":"https:\/\/leadergastrikebygden.se\/wp-content\/uploads\/sites\/35\/2024\/10\/Foreningstraff-Gavle-kommun-15-okt-2024.png","type":"image\/png"}],"author":"helene","twitter_card":"summary_large_image","twitter_misc":{"Written by":"helene","Est. reading time":"1 minute"},"schema":{"@context":"https:\/\/schema.org","@graph":[{"@type":"Article","@id":"https:\/\/leadergastrikebygden.se\/foreningstraff-i-gavle\/#article","isPartOf":{"@id":"https:\/\/leadergastrikebygden.se\/foreningstraff-i-gavle\/"},"author":{"name":"helene","@id":"https:\/\/leadergastrikebygden.se\/#\/schema\/person\/fc2ec6e9b79af27f413783d8a2ef0b78"},"headline":"F\u00f6reningstr\u00e4ff i G\u00e4vle","datePublished":"2024-10-10T10:13:07+00:00","mainEntityOfPage":{"@id":"https:\/\/leadergastrikebygden.se\/foreningstraff-i-gavle\/"},"wordCount":127,"image":{"@id":"https:\/\/leadergastrikebygden.se\/foreningstraff-i-gavle\/#primaryimage"},"thumbnailUrl":"https:\/\/leadergastrikebygden.se\/wp-content\/uploads\/sites\/35\/2024\/10\/Foreningstraff-Gavle-kommun-15-okt-2024.png","articleSection":["Nyheter"],"inLanguage":"en-US"},{"@type":"WebPage","@id":"https:\/\/leadergastrikebygden.se\/foreningstraff-i-gavle\/","url":"https:\/\/leadergastrikebygden.se\/foreningstraff-i-gavle\/","name":"F\u00f6reningstr\u00e4ff i G\u00e4vle - Leader G\u00e4strikebygden","isPartOf":{"@id":"https:\/\/leadergastrikebygden.se\/#website"},"primaryImageOfPage":{"@id":"https:\/\/leadergastrikebygden.se\/foreningstraff-i-gavle\/#primaryimage"},"image":{"@id":"https:\/\/leadergastrikebygden.se\/foreningstraff-i-gavle\/#primaryimage"},"thumbnailUrl":"https:\/\/leadergastrikebygden.se\/wp-content\/uploads\/sites\/35\/2024\/10\/Foreningstraff-Gavle-kommun-15-okt-2024.png","datePublished":"2024-10-10T10:13:07+00:00","author":{"@id":"https:\/\/leadergastrikebygden.se\/#\/schema\/person\/fc2ec6e9b79af27f413783d8a2ef0b78"},"description":"V\u00e4lkommen till infotr\u00e4ff och samtal om att driva utvecklingsprojekt i G\u00e4vle! Tissdag 15 oktober kl 18","breadcrumb":{"@id":"https:\/\/leadergastrikebygden.se\/foreningstraff-i-gavle\/#breadcrumb"},"inLanguage":"en-US","potentialAction":[{"@type":"ReadAction","target":["https:\/\/leadergastrikebygden.se\/foreningstraff-i-gavle\/"]}]},{"@type":"ImageObject","inLanguage":"en-US","@id":"https:\/\/leadergastrikebygden.se\/foreningstraff-i-gavle\/#primaryimage","url":"https:\/\/leadergastrikebygden.se\/wp-content\/uploads\/sites\/35\/2024\/10\/Foreningstraff-Gavle-kommun-15-okt-2024.png","contentUrl":"https:\/\/leadergastrikebygden.se\/wp-content\/uploads\/sites\/35\/2024\/10\/Foreningstraff-Gavle-kommun-15-okt-2024.png","width":940,"height":788},{"@type":"BreadcrumbList","@id":"https:\/\/leadergastrikebygden.se\/foreningstraff-i-gavle\/#breadcrumb","itemListElement":[{"@type":"ListItem","position":1,"name":"Hem","item":"https:\/\/leadergastrikebygden.se\/"},{"@type":"ListItem","position":2,"name":"F\u00f6reningstr\u00e4ff i G\u00e4vle"}]},{"@type":"WebSite","@id":"https:\/\/leadergastrikebygden.se\/#website","url":"https:\/\/leadergastrikebygden.se\/","name":"Leader Guest Village","description":"","potentialAction":[{"@type":"SearchAction","target":{"@type":"EntryPoint","urlTemplate":"https:\/\/leadergastrikebygden.se\/?s={search_term_string}"},"query-input":{"@type":"PropertyValueSpecification","valueRequired":true,"valueName":"search_term_string"}}],"inLanguage":"en-US"},{"@type":"Person","@id":"https:\/\/leadergastrikebygden.se\/#\/schema\/person\/fc2ec6e9b79af27f413783d8a2ef0b78","name":"helene","image":{"@type":"ImageObject","inLanguage":"en-US","@id":"https:\/\/secure.gravatar.com\/avatar\/15c91bee274e4611e47800be717a2bc66c389d7d2e6c9e01f82b4bbe8df96b34?s=96&d=mm&r=g","url":"https:\/\/secure.gravatar.com\/avatar\/15c91bee274e4611e47800be717a2bc66c389d7d2e6c9e01f82b4bbe8df96b34?s=96&d=mm&r=g","contentUrl":"https:\/\/secure.gravatar.com\/avatar\/15c91bee274e4611e47800be717a2bc66c389d7d2e6c9e01f82b4bbe8df96b34?s=96&d=mm&r=g","caption":"helene"}}]}},"_links":{"self":[{"href":"https:\/\/leadergastrikebygden.se\/en\/wp-json\/wp\/v2\/posts\/3395","targetHints":{"allow":["GET"]}}],"collection":[{"href":"https:\/\/leadergastrikebygden.se\/en\/wp-json\/wp\/v2\/posts"}],"about":[{"href":"https:\/\/leadergastrikebygden.se\/en\/wp-json\/wp\/v2\/types\/post"}],"author":[{"embeddable":true,"href":"https:\/\/leadergastrikebygden.se\/en\/wp-json\/wp\/v2\/users\/30"}],"replies":[{"embeddable":true,"href":"https:\/\/leadergastrikebygden.se\/en\/wp-json\/wp\/v2\/comments?post=3395"}],"version-history":[{"count":2,"href":"https:\/\/leadergastrikebygden.se\/en\/wp-json\/wp\/v2\/posts\/3395\/revisions"}],"predecessor-version":[{"id":3398,"href":"https:\/\/leadergastrikebygden.se\/en\/wp-json\/wp\/v2\/posts\/3395\/revisions\/3398"}],"wp:featuredmedia":[{"embeddable":true,"href":"https:\/\/leadergastrikebygden.se\/en\/wp-json\/wp\/v2\/media\/3396"}],"wp:attachment":[{"href":"https:\/\/leadergastrikebygden.se\/en\/wp-json\/wp\/v2\/media?parent=3395"}],"wp:term":[{"taxonomy":"category","embeddable":true,"href":"https:\/\/leadergastrikebygden.se\/en\/wp-json\/wp\/v2\/categories?post=3395"},{"taxonomy":"post_tag","embeddable":true,"href":"https:\/\/leadergastrikebygden.se\/en\/wp-json\/wp\/v2\/tags?post=3395"}],"curies":[{"name":"wp","href":"https:\/\/api.w.org\/{rel}","templated":true}]}}