{"id":4016,"date":"2025-06-18T10:34:51","date_gmt":"2025-06-18T10:34:51","guid":{"rendered":"https:\/\/leadergastrikebygden.se\/?p=4016"},"modified":"2025-06-18T10:34:51","modified_gmt":"2025-06-18T10:34:51","slug":"styrelsemote-i-gammelstilla-bruk","status":"publish","type":"post","link":"https:\/\/leadergastrikebygden.se\/en\/styrelsemote-i-gammelstilla-bruk\/","title":{"rendered":"Board meeting in Gammelstilla bruk"},"content":{"rendered":"<div class=\"et_pb_module et_pb_text et_pb_text_2 et_pb_text_align_center et_pb_bg_layout_light\">\n<h2>Projektbeslut med LAG styrelsen<\/h2>\n<p class=\"et_pb_text_inner\" style=\"text-align: left\"><span style=\"color: #666666;font-size: 14px\">M\u00e5ndag 16 juni 2025 var styrelsen f\u00f6r Leader G\u00e4strikebygden i Gammelstillla bruk.<br \/>\nEn heldag med beslut om ett nytt projekt samt en f\u00f6rstudie, mer om projekten vid senare tillf\u00e4lle &#8211; h\u00e5ll utkik i v\u00e5ra kanaler.<br \/>\nP\u00e5 dagordningen varvades r<\/span><span style=\"color: #666666;font-size: 14px\">apporter och beslut med att v<\/span><span style=\"color: #666666;font-size: 14px\">i serverades gott fika och lunch fr\u00e5n Gammelstilla kaf\u00e9. Vi hade \u00e4ven en visning av bruket och destilleriet Gammelstilla whisky. V\u00e5r guide Ann-Katrin \u00e4r tillika ledamot i valberedning f\u00f6r\u00a0<\/span><span style=\"color: #666666;font-size: 14px\">Leader Guest Village\u00a0<\/span><span style=\"color: #666666;font-size: 14px\">&#8211; extra kul tycker vi!\u00a0<\/span>H\u00e4r finns \u00e4ven en konst stig och loppis p\u00e5 logen.I tidigare EU-programperiod investerade stiftelsen i st\u00e4llplatser, grillplats och wc f\u00f6r bes\u00f6kare.<\/p>\n<\/div>\n<p class=\"et_pb_text_inner\" style=\"text-align: left\"><b>Ha du en id\u00e9 som utvecklar din landsbygd? Kontakta oss g\u00e4rna!<\/b><\/p>\n<p style=\"text-align: left\">Mejla verksamhetsledare Theres Sundberg, <a href=\"mailto:info@leadergastrikebygdenllu.se\">info@leadergastrikebygdenllu.se<\/a><\/p>","protected":false},"excerpt":{"rendered":"<p>On June 16, the board of Leader G\u00e4strikebygden had a full-day meeting.<\/p>","protected":false},"author":30,"featured_media":4009,"comment_status":"closed","ping_status":"closed","sticky":false,"template":"","format":"standard","meta":{"_acf_changed":false,"_et_pb_use_builder":"","_et_pb_old_content":"","_et_gb_content_width":"","footnotes":"","_links_to":"","_links_to_target":""},"categories":[1],"tags":[],"class_list":["post-4016","post","type-post","status-publish","format-standard","has-post-thumbnail","hentry","category-nyheter"],"acf":[],"yoast_head":"<!-- This site is optimized with the Yoast SEO plugin v28.2 - https:\/\/yoast.com\/product\/yoast-seo-wordpress\/ -->\n<title>Styrelsem\u00f6te i Gammelstilla bruk - Leader G\u00e4strikebygden<\/title>\n<meta name=\"robots\" content=\"index, follow, max-snippet:-1, max-image-preview:large, max-video-preview:-1\" \/>\n<link rel=\"canonical\" href=\"https:\/\/leadergastrikebygden.se\/en\/styrelsemote-i-gammelstilla-bruk\/\" \/>\n<meta property=\"og:locale\" content=\"en_US\" \/>\n<meta property=\"og:type\" content=\"article\" \/>\n<meta property=\"og:title\" content=\"Styrelsem\u00f6te i Gammelstilla bruk - Leader G\u00e4strikebygden\" \/>\n<meta property=\"og:description\" content=\"Den 16 juni hade styrelsen f\u00f6r Leader G\u00e4strikebygden heldagsm\u00f6te.\" \/>\n<meta property=\"og:url\" content=\"https:\/\/leadergastrikebygden.se\/en\/styrelsemote-i-gammelstilla-bruk\/\" \/>\n<meta property=\"og:site_name\" content=\"Leader G\u00e4strikebygden\" \/>\n<meta property=\"article:published_time\" content=\"2025-06-18T10:34:51+00:00\" \/>\n<meta property=\"og:image\" content=\"https:\/\/leadergastrikebygden.se\/wp-content\/uploads\/sites\/35\/2025\/06\/LAG-med-flagga-scaled.jpg\" \/>\n\t<meta property=\"og:image:width\" content=\"2560\" \/>\n\t<meta property=\"og:image:height\" content=\"1920\" \/>\n\t<meta property=\"og:image:type\" content=\"image\/jpeg\" \/>\n<meta name=\"author\" content=\"helene\" \/>\n<meta name=\"twitter:card\" content=\"summary_large_image\" \/>\n<meta name=\"twitter:label1\" content=\"Written by\" \/>\n\t<meta name=\"twitter:data1\" content=\"helene\" \/>\n\t<meta name=\"twitter:label2\" content=\"Est. reading time\" \/>\n\t<meta name=\"twitter:data2\" content=\"1 minute\" \/>\n<script type=\"application\/ld+json\" class=\"yoast-schema-graph\">{\"@context\":\"https:\\\/\\\/schema.org\",\"@graph\":[{\"@type\":\"Article\",\"@id\":\"https:\\\/\\\/leadergastrikebygden.se\\\/styrelsemote-i-gammelstilla-bruk\\\/#article\",\"isPartOf\":{\"@id\":\"https:\\\/\\\/leadergastrikebygden.se\\\/styrelsemote-i-gammelstilla-bruk\\\/\"},\"author\":{\"name\":\"helene\",\"@id\":\"https:\\\/\\\/leadergastrikebygden.se\\\/#\\\/schema\\\/person\\\/fc2ec6e9b79af27f413783d8a2ef0b78\"},\"headline\":\"Styrelsem\u00f6te i Gammelstilla bruk\",\"datePublished\":\"2025-06-18T10:34:51+00:00\",\"mainEntityOfPage\":{\"@id\":\"https:\\\/\\\/leadergastrikebygden.se\\\/styrelsemote-i-gammelstilla-bruk\\\/\"},\"wordCount\":144,\"image\":{\"@id\":\"https:\\\/\\\/leadergastrikebygden.se\\\/styrelsemote-i-gammelstilla-bruk\\\/#primaryimage\"},\"thumbnailUrl\":\"https:\\\/\\\/leadergastrikebygden.se\\\/wp-content\\\/uploads\\\/sites\\\/35\\\/2025\\\/06\\\/LAG-med-flagga-scaled.jpg\",\"articleSection\":[\"Nyheter\"],\"inLanguage\":\"en-US\"},{\"@type\":\"WebPage\",\"@id\":\"https:\\\/\\\/leadergastrikebygden.se\\\/styrelsemote-i-gammelstilla-bruk\\\/\",\"url\":\"https:\\\/\\\/leadergastrikebygden.se\\\/styrelsemote-i-gammelstilla-bruk\\\/\",\"name\":\"Styrelsem\u00f6te i Gammelstilla bruk - Leader G\u00e4strikebygden\",\"isPartOf\":{\"@id\":\"https:\\\/\\\/leadergastrikebygden.se\\\/#website\"},\"primaryImageOfPage\":{\"@id\":\"https:\\\/\\\/leadergastrikebygden.se\\\/styrelsemote-i-gammelstilla-bruk\\\/#primaryimage\"},\"image\":{\"@id\":\"https:\\\/\\\/leadergastrikebygden.se\\\/styrelsemote-i-gammelstilla-bruk\\\/#primaryimage\"},\"thumbnailUrl\":\"https:\\\/\\\/leadergastrikebygden.se\\\/wp-content\\\/uploads\\\/sites\\\/35\\\/2025\\\/06\\\/LAG-med-flagga-scaled.jpg\",\"datePublished\":\"2025-06-18T10:34:51+00:00\",\"author\":{\"@id\":\"https:\\\/\\\/leadergastrikebygden.se\\\/#\\\/schema\\\/person\\\/fc2ec6e9b79af27f413783d8a2ef0b78\"},\"breadcrumb\":{\"@id\":\"https:\\\/\\\/leadergastrikebygden.se\\\/styrelsemote-i-gammelstilla-bruk\\\/#breadcrumb\"},\"inLanguage\":\"en-US\",\"potentialAction\":[{\"@type\":\"ReadAction\",\"target\":[\"https:\\\/\\\/leadergastrikebygden.se\\\/styrelsemote-i-gammelstilla-bruk\\\/\"]}]},{\"@type\":\"ImageObject\",\"inLanguage\":\"en-US\",\"@id\":\"https:\\\/\\\/leadergastrikebygden.se\\\/styrelsemote-i-gammelstilla-bruk\\\/#primaryimage\",\"url\":\"https:\\\/\\\/leadergastrikebygden.se\\\/wp-content\\\/uploads\\\/sites\\\/35\\\/2025\\\/06\\\/LAG-med-flagga-scaled.jpg\",\"contentUrl\":\"https:\\\/\\\/leadergastrikebygden.se\\\/wp-content\\\/uploads\\\/sites\\\/35\\\/2025\\\/06\\\/LAG-med-flagga-scaled.jpg\",\"width\":2560,\"height\":1920},{\"@type\":\"BreadcrumbList\",\"@id\":\"https:\\\/\\\/leadergastrikebygden.se\\\/styrelsemote-i-gammelstilla-bruk\\\/#breadcrumb\",\"itemListElement\":[{\"@type\":\"ListItem\",\"position\":1,\"name\":\"Hem\",\"item\":\"https:\\\/\\\/leadergastrikebygden.se\\\/\"},{\"@type\":\"ListItem\",\"position\":2,\"name\":\"Styrelsem\u00f6te i Gammelstilla bruk\"}]},{\"@type\":\"WebSite\",\"@id\":\"https:\\\/\\\/leadergastrikebygden.se\\\/#website\",\"url\":\"https:\\\/\\\/leadergastrikebygden.se\\\/\",\"name\":\"Leader G\u00e4strikebygden\",\"description\":\"\",\"potentialAction\":[{\"@type\":\"SearchAction\",\"target\":{\"@type\":\"EntryPoint\",\"urlTemplate\":\"https:\\\/\\\/leadergastrikebygden.se\\\/?s={search_term_string}\"},\"query-input\":{\"@type\":\"PropertyValueSpecification\",\"valueRequired\":true,\"valueName\":\"search_term_string\"}}],\"inLanguage\":\"en-US\"},{\"@type\":\"Person\",\"@id\":\"https:\\\/\\\/leadergastrikebygden.se\\\/#\\\/schema\\\/person\\\/fc2ec6e9b79af27f413783d8a2ef0b78\",\"name\":\"helene\",\"image\":{\"@type\":\"ImageObject\",\"inLanguage\":\"en-US\",\"@id\":\"https:\\\/\\\/secure.gravatar.com\\\/avatar\\\/15c91bee274e4611e47800be717a2bc66c389d7d2e6c9e01f82b4bbe8df96b34?s=96&d=mm&r=g\",\"url\":\"https:\\\/\\\/secure.gravatar.com\\\/avatar\\\/15c91bee274e4611e47800be717a2bc66c389d7d2e6c9e01f82b4bbe8df96b34?s=96&d=mm&r=g\",\"contentUrl\":\"https:\\\/\\\/secure.gravatar.com\\\/avatar\\\/15c91bee274e4611e47800be717a2bc66c389d7d2e6c9e01f82b4bbe8df96b34?s=96&d=mm&r=g\",\"caption\":\"helene\"}}]}<\/script>\n<!-- \/ Yoast SEO plugin. -->","yoast_head_json":{"title":"Styrelsem\u00f6te i Gammelstilla bruk - Leader G\u00e4strikebygden","robots":{"index":"index","follow":"follow","max-snippet":"max-snippet:-1","max-image-preview":"max-image-preview:large","max-video-preview":"max-video-preview:-1"},"canonical":"https:\/\/leadergastrikebygden.se\/en\/styrelsemote-i-gammelstilla-bruk\/","og_locale":"en_US","og_type":"article","og_title":"Styrelsem\u00f6te i Gammelstilla bruk - Leader G\u00e4strikebygden","og_description":"Den 16 juni hade styrelsen f\u00f6r Leader G\u00e4strikebygden heldagsm\u00f6te.","og_url":"https:\/\/leadergastrikebygden.se\/en\/styrelsemote-i-gammelstilla-bruk\/","og_site_name":"Leader G\u00e4strikebygden","article_published_time":"2025-06-18T10:34:51+00:00","og_image":[{"width":2560,"height":1920,"url":"https:\/\/leadergastrikebygden.se\/wp-content\/uploads\/sites\/35\/2025\/06\/LAG-med-flagga-scaled.jpg","type":"image\/jpeg"}],"author":"helene","twitter_card":"summary_large_image","twitter_misc":{"Written by":"helene","Est. reading time":"1 minute"},"schema":{"@context":"https:\/\/schema.org","@graph":[{"@type":"Article","@id":"https:\/\/leadergastrikebygden.se\/styrelsemote-i-gammelstilla-bruk\/#article","isPartOf":{"@id":"https:\/\/leadergastrikebygden.se\/styrelsemote-i-gammelstilla-bruk\/"},"author":{"name":"helene","@id":"https:\/\/leadergastrikebygden.se\/#\/schema\/person\/fc2ec6e9b79af27f413783d8a2ef0b78"},"headline":"Styrelsem\u00f6te i Gammelstilla bruk","datePublished":"2025-06-18T10:34:51+00:00","mainEntityOfPage":{"@id":"https:\/\/leadergastrikebygden.se\/styrelsemote-i-gammelstilla-bruk\/"},"wordCount":144,"image":{"@id":"https:\/\/leadergastrikebygden.se\/styrelsemote-i-gammelstilla-bruk\/#primaryimage"},"thumbnailUrl":"https:\/\/leadergastrikebygden.se\/wp-content\/uploads\/sites\/35\/2025\/06\/LAG-med-flagga-scaled.jpg","articleSection":["Nyheter"],"inLanguage":"en-US"},{"@type":"WebPage","@id":"https:\/\/leadergastrikebygden.se\/styrelsemote-i-gammelstilla-bruk\/","url":"https:\/\/leadergastrikebygden.se\/styrelsemote-i-gammelstilla-bruk\/","name":"Styrelsem\u00f6te i Gammelstilla bruk - Leader G\u00e4strikebygden","isPartOf":{"@id":"https:\/\/leadergastrikebygden.se\/#website"},"primaryImageOfPage":{"@id":"https:\/\/leadergastrikebygden.se\/styrelsemote-i-gammelstilla-bruk\/#primaryimage"},"image":{"@id":"https:\/\/leadergastrikebygden.se\/styrelsemote-i-gammelstilla-bruk\/#primaryimage"},"thumbnailUrl":"https:\/\/leadergastrikebygden.se\/wp-content\/uploads\/sites\/35\/2025\/06\/LAG-med-flagga-scaled.jpg","datePublished":"2025-06-18T10:34:51+00:00","author":{"@id":"https:\/\/leadergastrikebygden.se\/#\/schema\/person\/fc2ec6e9b79af27f413783d8a2ef0b78"},"breadcrumb":{"@id":"https:\/\/leadergastrikebygden.se\/styrelsemote-i-gammelstilla-bruk\/#breadcrumb"},"inLanguage":"en-US","potentialAction":[{"@type":"ReadAction","target":["https:\/\/leadergastrikebygden.se\/styrelsemote-i-gammelstilla-bruk\/"]}]},{"@type":"ImageObject","inLanguage":"en-US","@id":"https:\/\/leadergastrikebygden.se\/styrelsemote-i-gammelstilla-bruk\/#primaryimage","url":"https:\/\/leadergastrikebygden.se\/wp-content\/uploads\/sites\/35\/2025\/06\/LAG-med-flagga-scaled.jpg","contentUrl":"https:\/\/leadergastrikebygden.se\/wp-content\/uploads\/sites\/35\/2025\/06\/LAG-med-flagga-scaled.jpg","width":2560,"height":1920},{"@type":"BreadcrumbList","@id":"https:\/\/leadergastrikebygden.se\/styrelsemote-i-gammelstilla-bruk\/#breadcrumb","itemListElement":[{"@type":"ListItem","position":1,"name":"Hem","item":"https:\/\/leadergastrikebygden.se\/"},{"@type":"ListItem","position":2,"name":"Styrelsem\u00f6te i Gammelstilla bruk"}]},{"@type":"WebSite","@id":"https:\/\/leadergastrikebygden.se\/#website","url":"https:\/\/leadergastrikebygden.se\/","name":"Leader Guest Village","description":"","potentialAction":[{"@type":"SearchAction","target":{"@type":"EntryPoint","urlTemplate":"https:\/\/leadergastrikebygden.se\/?s={search_term_string}"},"query-input":{"@type":"PropertyValueSpecification","valueRequired":true,"valueName":"search_term_string"}}],"inLanguage":"en-US"},{"@type":"Person","@id":"https:\/\/leadergastrikebygden.se\/#\/schema\/person\/fc2ec6e9b79af27f413783d8a2ef0b78","name":"helene","image":{"@type":"ImageObject","inLanguage":"en-US","@id":"https:\/\/secure.gravatar.com\/avatar\/15c91bee274e4611e47800be717a2bc66c389d7d2e6c9e01f82b4bbe8df96b34?s=96&d=mm&r=g","url":"https:\/\/secure.gravatar.com\/avatar\/15c91bee274e4611e47800be717a2bc66c389d7d2e6c9e01f82b4bbe8df96b34?s=96&d=mm&r=g","contentUrl":"https:\/\/secure.gravatar.com\/avatar\/15c91bee274e4611e47800be717a2bc66c389d7d2e6c9e01f82b4bbe8df96b34?s=96&d=mm&r=g","caption":"helene"}}]}},"_links":{"self":[{"href":"https:\/\/leadergastrikebygden.se\/en\/wp-json\/wp\/v2\/posts\/4016","targetHints":{"allow":["GET"]}}],"collection":[{"href":"https:\/\/leadergastrikebygden.se\/en\/wp-json\/wp\/v2\/posts"}],"about":[{"href":"https:\/\/leadergastrikebygden.se\/en\/wp-json\/wp\/v2\/types\/post"}],"author":[{"embeddable":true,"href":"https:\/\/leadergastrikebygden.se\/en\/wp-json\/wp\/v2\/users\/30"}],"replies":[{"embeddable":true,"href":"https:\/\/leadergastrikebygden.se\/en\/wp-json\/wp\/v2\/comments?post=4016"}],"version-history":[{"count":8,"href":"https:\/\/leadergastrikebygden.se\/en\/wp-json\/wp\/v2\/posts\/4016\/revisions"}],"predecessor-version":[{"id":4024,"href":"https:\/\/leadergastrikebygden.se\/en\/wp-json\/wp\/v2\/posts\/4016\/revisions\/4024"}],"wp:featuredmedia":[{"embeddable":true,"href":"https:\/\/leadergastrikebygden.se\/en\/wp-json\/wp\/v2\/media\/4009"}],"wp:attachment":[{"href":"https:\/\/leadergastrikebygden.se\/en\/wp-json\/wp\/v2\/media?parent=4016"}],"wp:term":[{"taxonomy":"category","embeddable":true,"href":"https:\/\/leadergastrikebygden.se\/en\/wp-json\/wp\/v2\/categories?post=4016"},{"taxonomy":"post_tag","embeddable":true,"href":"https:\/\/leadergastrikebygden.se\/en\/wp-json\/wp\/v2\/tags?post=4016"}],"curies":[{"name":"wp","href":"https:\/\/api.w.org\/{rel}","templated":true}]}}