{"id":4051,"date":"2025-07-03T05:37:35","date_gmt":"2025-07-03T05:37:35","guid":{"rendered":"https:\/\/leadergastrikebygden.se\/?p=4051"},"modified":"2025-07-03T05:37:35","modified_gmt":"2025-07-03T05:37:35","slug":"sommartider-pa-leaderkontoret","status":"publish","type":"post","link":"https:\/\/leadergastrikebygden.se\/en\/sommartider-pa-leaderkontoret\/","title":{"rendered":"Summer hours at the leader office"},"content":{"rendered":"<h2 data-start=\"150\" data-end=\"323\">Now we are on vacation<\/h2>\n<p data-start=\"150\" data-end=\"323\">Now we take a much-needed break to enjoy the summer and recharge with new energy!<br data-start=\"234\" data-end=\"237\" \/>The leader office is closed for the summer from <strong data-start=\"277\" data-end=\"322\">Monday, July 7 to Monday, August 18, 2025<\/strong>.<\/p>\n<p data-start=\"325\" data-end=\"587\">Do you have an idea you want to realize? Contact <a class=\"cursor-pointer\" rel=\"noopener\" data-start=\"468\" data-end=\"541\">info@leadergastrikebygdenllu.se<\/a> \u2013 and we will schedule a meeting when we are back.<\/p>\n<p data-start=\"589\" data-end=\"627\">We wish you a really nice summer!<\/p>","protected":false},"excerpt":{"rendered":"<p>The leader office will be closed for summer from July 7 to August 18, 2025<\/p>","protected":false},"author":30,"featured_media":4054,"comment_status":"closed","ping_status":"closed","sticky":false,"template":"","format":"standard","meta":{"_acf_changed":false,"_et_pb_use_builder":"","_et_pb_old_content":"","_et_gb_content_width":"","footnotes":"","_links_to":"","_links_to_target":""},"categories":[1],"tags":[],"class_list":["post-4051","post","type-post","status-publish","format-standard","has-post-thumbnail","hentry","category-nyheter"],"acf":[],"yoast_head":"<!-- This site is optimized with the Yoast SEO plugin v28.2 - https:\/\/yoast.com\/product\/yoast-seo-wordpress\/ -->\n<title>Sommartider p\u00e5 leaderkontoret - Leader G\u00e4strikebygden<\/title>\n<meta name=\"description\" content=\"Leaderkontoret h\u00e5ller sommarst\u00e4ngt fr\u00e5n 7 juli till 18 augusti 2025\" \/>\n<meta name=\"robots\" content=\"index, follow, max-snippet:-1, max-image-preview:large, max-video-preview:-1\" \/>\n<link rel=\"canonical\" href=\"https:\/\/leadergastrikebygden.se\/en\/sommartider-pa-leaderkontoret\/\" \/>\n<meta property=\"og:locale\" content=\"en_US\" \/>\n<meta property=\"og:type\" content=\"article\" \/>\n<meta property=\"og:title\" content=\"Sommartider p\u00e5 leaderkontoret - Leader G\u00e4strikebygden\" \/>\n<meta property=\"og:description\" content=\"Leaderkontoret h\u00e5ller sommarst\u00e4ngt fr\u00e5n 7 juli till 18 augusti 2025\" \/>\n<meta property=\"og:url\" content=\"https:\/\/leadergastrikebygden.se\/en\/sommartider-pa-leaderkontoret\/\" \/>\n<meta property=\"og:site_name\" content=\"Leader G\u00e4strikebygden\" \/>\n<meta property=\"article:published_time\" content=\"2025-07-03T05:37:35+00:00\" \/>\n<meta property=\"og:image\" content=\"https:\/\/leadergastrikebygden.se\/wp-content\/uploads\/sites\/35\/2025\/07\/Sommarhalsning-sem-stangt.png\" \/>\n\t<meta property=\"og:image:width\" content=\"1200\" \/>\n\t<meta property=\"og:image:height\" content=\"630\" \/>\n\t<meta property=\"og:image:type\" content=\"image\/png\" \/>\n<meta name=\"author\" content=\"helene\" \/>\n<meta name=\"twitter:card\" content=\"summary_large_image\" \/>\n<meta name=\"twitter:label1\" content=\"Written by\" \/>\n\t<meta name=\"twitter:data1\" content=\"helene\" \/>\n\t<meta name=\"twitter:label2\" content=\"Est. reading time\" \/>\n\t<meta name=\"twitter:data2\" content=\"1 minute\" \/>\n<script type=\"application\/ld+json\" class=\"yoast-schema-graph\">{\"@context\":\"https:\\\/\\\/schema.org\",\"@graph\":[{\"@type\":\"Article\",\"@id\":\"https:\\\/\\\/leadergastrikebygden.se\\\/sommartider-pa-leaderkontoret\\\/#article\",\"isPartOf\":{\"@id\":\"https:\\\/\\\/leadergastrikebygden.se\\\/sommartider-pa-leaderkontoret\\\/\"},\"author\":{\"name\":\"helene\",\"@id\":\"https:\\\/\\\/leadergastrikebygden.se\\\/#\\\/schema\\\/person\\\/fc2ec6e9b79af27f413783d8a2ef0b78\"},\"headline\":\"Sommartider p\u00e5 leaderkontoret\",\"datePublished\":\"2025-07-03T05:37:35+00:00\",\"mainEntityOfPage\":{\"@id\":\"https:\\\/\\\/leadergastrikebygden.se\\\/sommartider-pa-leaderkontoret\\\/\"},\"wordCount\":75,\"image\":{\"@id\":\"https:\\\/\\\/leadergastrikebygden.se\\\/sommartider-pa-leaderkontoret\\\/#primaryimage\"},\"thumbnailUrl\":\"https:\\\/\\\/leadergastrikebygden.se\\\/wp-content\\\/uploads\\\/sites\\\/35\\\/2025\\\/07\\\/Sommarhalsning-sem-stangt.png\",\"articleSection\":[\"Nyheter\"],\"inLanguage\":\"en-US\"},{\"@type\":\"WebPage\",\"@id\":\"https:\\\/\\\/leadergastrikebygden.se\\\/sommartider-pa-leaderkontoret\\\/\",\"url\":\"https:\\\/\\\/leadergastrikebygden.se\\\/sommartider-pa-leaderkontoret\\\/\",\"name\":\"Sommartider p\u00e5 leaderkontoret - Leader G\u00e4strikebygden\",\"isPartOf\":{\"@id\":\"https:\\\/\\\/leadergastrikebygden.se\\\/#website\"},\"primaryImageOfPage\":{\"@id\":\"https:\\\/\\\/leadergastrikebygden.se\\\/sommartider-pa-leaderkontoret\\\/#primaryimage\"},\"image\":{\"@id\":\"https:\\\/\\\/leadergastrikebygden.se\\\/sommartider-pa-leaderkontoret\\\/#primaryimage\"},\"thumbnailUrl\":\"https:\\\/\\\/leadergastrikebygden.se\\\/wp-content\\\/uploads\\\/sites\\\/35\\\/2025\\\/07\\\/Sommarhalsning-sem-stangt.png\",\"datePublished\":\"2025-07-03T05:37:35+00:00\",\"author\":{\"@id\":\"https:\\\/\\\/leadergastrikebygden.se\\\/#\\\/schema\\\/person\\\/fc2ec6e9b79af27f413783d8a2ef0b78\"},\"description\":\"Leaderkontoret h\u00e5ller sommarst\u00e4ngt fr\u00e5n 7 juli till 18 augusti 2025\",\"breadcrumb\":{\"@id\":\"https:\\\/\\\/leadergastrikebygden.se\\\/sommartider-pa-leaderkontoret\\\/#breadcrumb\"},\"inLanguage\":\"en-US\",\"potentialAction\":[{\"@type\":\"ReadAction\",\"target\":[\"https:\\\/\\\/leadergastrikebygden.se\\\/sommartider-pa-leaderkontoret\\\/\"]}]},{\"@type\":\"ImageObject\",\"inLanguage\":\"en-US\",\"@id\":\"https:\\\/\\\/leadergastrikebygden.se\\\/sommartider-pa-leaderkontoret\\\/#primaryimage\",\"url\":\"https:\\\/\\\/leadergastrikebygden.se\\\/wp-content\\\/uploads\\\/sites\\\/35\\\/2025\\\/07\\\/Sommarhalsning-sem-stangt.png\",\"contentUrl\":\"https:\\\/\\\/leadergastrikebygden.se\\\/wp-content\\\/uploads\\\/sites\\\/35\\\/2025\\\/07\\\/Sommarhalsning-sem-stangt.png\",\"width\":1200,\"height\":630},{\"@type\":\"BreadcrumbList\",\"@id\":\"https:\\\/\\\/leadergastrikebygden.se\\\/sommartider-pa-leaderkontoret\\\/#breadcrumb\",\"itemListElement\":[{\"@type\":\"ListItem\",\"position\":1,\"name\":\"Hem\",\"item\":\"https:\\\/\\\/leadergastrikebygden.se\\\/\"},{\"@type\":\"ListItem\",\"position\":2,\"name\":\"Sommartider p\u00e5 leaderkontoret\"}]},{\"@type\":\"WebSite\",\"@id\":\"https:\\\/\\\/leadergastrikebygden.se\\\/#website\",\"url\":\"https:\\\/\\\/leadergastrikebygden.se\\\/\",\"name\":\"Leader G\u00e4strikebygden\",\"description\":\"\",\"potentialAction\":[{\"@type\":\"SearchAction\",\"target\":{\"@type\":\"EntryPoint\",\"urlTemplate\":\"https:\\\/\\\/leadergastrikebygden.se\\\/?s={search_term_string}\"},\"query-input\":{\"@type\":\"PropertyValueSpecification\",\"valueRequired\":true,\"valueName\":\"search_term_string\"}}],\"inLanguage\":\"en-US\"},{\"@type\":\"Person\",\"@id\":\"https:\\\/\\\/leadergastrikebygden.se\\\/#\\\/schema\\\/person\\\/fc2ec6e9b79af27f413783d8a2ef0b78\",\"name\":\"helene\",\"image\":{\"@type\":\"ImageObject\",\"inLanguage\":\"en-US\",\"@id\":\"https:\\\/\\\/secure.gravatar.com\\\/avatar\\\/15c91bee274e4611e47800be717a2bc66c389d7d2e6c9e01f82b4bbe8df96b34?s=96&d=mm&r=g\",\"url\":\"https:\\\/\\\/secure.gravatar.com\\\/avatar\\\/15c91bee274e4611e47800be717a2bc66c389d7d2e6c9e01f82b4bbe8df96b34?s=96&d=mm&r=g\",\"contentUrl\":\"https:\\\/\\\/secure.gravatar.com\\\/avatar\\\/15c91bee274e4611e47800be717a2bc66c389d7d2e6c9e01f82b4bbe8df96b34?s=96&d=mm&r=g\",\"caption\":\"helene\"}}]}<\/script>\n<!-- \/ Yoast SEO plugin. -->","yoast_head_json":{"title":"Sommartider p\u00e5 leaderkontoret - Leader G\u00e4strikebygden","description":"The leader office will be closed for summer from July 7 to August 18, 2025","robots":{"index":"index","follow":"follow","max-snippet":"max-snippet:-1","max-image-preview":"max-image-preview:large","max-video-preview":"max-video-preview:-1"},"canonical":"https:\/\/leadergastrikebygden.se\/en\/sommartider-pa-leaderkontoret\/","og_locale":"en_US","og_type":"article","og_title":"Sommartider p\u00e5 leaderkontoret - Leader G\u00e4strikebygden","og_description":"Leaderkontoret h\u00e5ller sommarst\u00e4ngt fr\u00e5n 7 juli till 18 augusti 2025","og_url":"https:\/\/leadergastrikebygden.se\/en\/sommartider-pa-leaderkontoret\/","og_site_name":"Leader G\u00e4strikebygden","article_published_time":"2025-07-03T05:37:35+00:00","og_image":[{"width":1200,"height":630,"url":"https:\/\/leadergastrikebygden.se\/wp-content\/uploads\/sites\/35\/2025\/07\/Sommarhalsning-sem-stangt.png","type":"image\/png"}],"author":"helene","twitter_card":"summary_large_image","twitter_misc":{"Written by":"helene","Est. reading time":"1 minute"},"schema":{"@context":"https:\/\/schema.org","@graph":[{"@type":"Article","@id":"https:\/\/leadergastrikebygden.se\/sommartider-pa-leaderkontoret\/#article","isPartOf":{"@id":"https:\/\/leadergastrikebygden.se\/sommartider-pa-leaderkontoret\/"},"author":{"name":"helene","@id":"https:\/\/leadergastrikebygden.se\/#\/schema\/person\/fc2ec6e9b79af27f413783d8a2ef0b78"},"headline":"Sommartider p\u00e5 leaderkontoret","datePublished":"2025-07-03T05:37:35+00:00","mainEntityOfPage":{"@id":"https:\/\/leadergastrikebygden.se\/sommartider-pa-leaderkontoret\/"},"wordCount":75,"image":{"@id":"https:\/\/leadergastrikebygden.se\/sommartider-pa-leaderkontoret\/#primaryimage"},"thumbnailUrl":"https:\/\/leadergastrikebygden.se\/wp-content\/uploads\/sites\/35\/2025\/07\/Sommarhalsning-sem-stangt.png","articleSection":["Nyheter"],"inLanguage":"en-US"},{"@type":"WebPage","@id":"https:\/\/leadergastrikebygden.se\/sommartider-pa-leaderkontoret\/","url":"https:\/\/leadergastrikebygden.se\/sommartider-pa-leaderkontoret\/","name":"Sommartider p\u00e5 leaderkontoret - Leader G\u00e4strikebygden","isPartOf":{"@id":"https:\/\/leadergastrikebygden.se\/#website"},"primaryImageOfPage":{"@id":"https:\/\/leadergastrikebygden.se\/sommartider-pa-leaderkontoret\/#primaryimage"},"image":{"@id":"https:\/\/leadergastrikebygden.se\/sommartider-pa-leaderkontoret\/#primaryimage"},"thumbnailUrl":"https:\/\/leadergastrikebygden.se\/wp-content\/uploads\/sites\/35\/2025\/07\/Sommarhalsning-sem-stangt.png","datePublished":"2025-07-03T05:37:35+00:00","author":{"@id":"https:\/\/leadergastrikebygden.se\/#\/schema\/person\/fc2ec6e9b79af27f413783d8a2ef0b78"},"description":"The leader office will be closed for summer from July 7 to August 18, 2025","breadcrumb":{"@id":"https:\/\/leadergastrikebygden.se\/sommartider-pa-leaderkontoret\/#breadcrumb"},"inLanguage":"en-US","potentialAction":[{"@type":"ReadAction","target":["https:\/\/leadergastrikebygden.se\/sommartider-pa-leaderkontoret\/"]}]},{"@type":"ImageObject","inLanguage":"en-US","@id":"https:\/\/leadergastrikebygden.se\/sommartider-pa-leaderkontoret\/#primaryimage","url":"https:\/\/leadergastrikebygden.se\/wp-content\/uploads\/sites\/35\/2025\/07\/Sommarhalsning-sem-stangt.png","contentUrl":"https:\/\/leadergastrikebygden.se\/wp-content\/uploads\/sites\/35\/2025\/07\/Sommarhalsning-sem-stangt.png","width":1200,"height":630},{"@type":"BreadcrumbList","@id":"https:\/\/leadergastrikebygden.se\/sommartider-pa-leaderkontoret\/#breadcrumb","itemListElement":[{"@type":"ListItem","position":1,"name":"Hem","item":"https:\/\/leadergastrikebygden.se\/"},{"@type":"ListItem","position":2,"name":"Sommartider p\u00e5 leaderkontoret"}]},{"@type":"WebSite","@id":"https:\/\/leadergastrikebygden.se\/#website","url":"https:\/\/leadergastrikebygden.se\/","name":"Leader Guest Village","description":"","potentialAction":[{"@type":"SearchAction","target":{"@type":"EntryPoint","urlTemplate":"https:\/\/leadergastrikebygden.se\/?s={search_term_string}"},"query-input":{"@type":"PropertyValueSpecification","valueRequired":true,"valueName":"search_term_string"}}],"inLanguage":"en-US"},{"@type":"Person","@id":"https:\/\/leadergastrikebygden.se\/#\/schema\/person\/fc2ec6e9b79af27f413783d8a2ef0b78","name":"helene","image":{"@type":"ImageObject","inLanguage":"en-US","@id":"https:\/\/secure.gravatar.com\/avatar\/15c91bee274e4611e47800be717a2bc66c389d7d2e6c9e01f82b4bbe8df96b34?s=96&d=mm&r=g","url":"https:\/\/secure.gravatar.com\/avatar\/15c91bee274e4611e47800be717a2bc66c389d7d2e6c9e01f82b4bbe8df96b34?s=96&d=mm&r=g","contentUrl":"https:\/\/secure.gravatar.com\/avatar\/15c91bee274e4611e47800be717a2bc66c389d7d2e6c9e01f82b4bbe8df96b34?s=96&d=mm&r=g","caption":"helene"}}]}},"_links":{"self":[{"href":"https:\/\/leadergastrikebygden.se\/en\/wp-json\/wp\/v2\/posts\/4051","targetHints":{"allow":["GET"]}}],"collection":[{"href":"https:\/\/leadergastrikebygden.se\/en\/wp-json\/wp\/v2\/posts"}],"about":[{"href":"https:\/\/leadergastrikebygden.se\/en\/wp-json\/wp\/v2\/types\/post"}],"author":[{"embeddable":true,"href":"https:\/\/leadergastrikebygden.se\/en\/wp-json\/wp\/v2\/users\/30"}],"replies":[{"embeddable":true,"href":"https:\/\/leadergastrikebygden.se\/en\/wp-json\/wp\/v2\/comments?post=4051"}],"version-history":[{"count":2,"href":"https:\/\/leadergastrikebygden.se\/en\/wp-json\/wp\/v2\/posts\/4051\/revisions"}],"predecessor-version":[{"id":4053,"href":"https:\/\/leadergastrikebygden.se\/en\/wp-json\/wp\/v2\/posts\/4051\/revisions\/4053"}],"wp:featuredmedia":[{"embeddable":true,"href":"https:\/\/leadergastrikebygden.se\/en\/wp-json\/wp\/v2\/media\/4054"}],"wp:attachment":[{"href":"https:\/\/leadergastrikebygden.se\/en\/wp-json\/wp\/v2\/media?parent=4051"}],"wp:term":[{"taxonomy":"category","embeddable":true,"href":"https:\/\/leadergastrikebygden.se\/en\/wp-json\/wp\/v2\/categories?post=4051"},{"taxonomy":"post_tag","embeddable":true,"href":"https:\/\/leadergastrikebygden.se\/en\/wp-json\/wp\/v2\/tags?post=4051"}],"curies":[{"name":"wp","href":"https:\/\/api.w.org\/{rel}","templated":true}]}}